{"id":372,"date":"2017-05-12T21:25:09","date_gmt":"2017-05-12T19:25:09","guid":{"rendered":"http:\/\/www.ateliersimdelta.de\/giftbox\/?p=372"},"modified":"2022-10-08T12:21:46","modified_gmt":"2022-10-08T10:21:46","slug":"white-petersburg-von-ella-kehrer","status":"publish","type":"post","link":"https:\/\/www.ateliersimdelta.de\/giftbox\/white-petersburg-von-ella-kehrer\/","title":{"rendered":"Ausstellung &#8222;White Petersburg&#8220; von Ella Kehrer"},"content":{"rendered":"<p class=\"western\"><span style=\"color: #000000;\"><span style=\"font-family: 'Source Sans Pro', sans-serif;\"><span style=\"font-size: medium;\">Eine Reise in meine Vergangenheit mit sehr pers\u00f6nlichen Bildern und vagen Erinnerungen.<\/span><\/span><\/span><\/p>\n<p class=\"western\">Die <strong>Vernissage<\/strong>\u00a0ist am<strong>\u00a0 11. Juni\u00a02017. <\/strong>Sie beginnt\u00a0um <strong>16:00<\/strong> Uhr; offen ist ab 15:00. Am <strong>24. Juni 2017<\/strong> gibt es um 16:00 ein <strong>K\u00fcnstlergespr\u00e4ch<\/strong> mit Ella. Die Ausstellung ist Teil des Mannheim Photo Weekend.<\/p>\n<p><i><a href=\"https:\/\/www.facebook.com\/mannheimphotoweekend\/\"><img decoding=\"async\" class=\"alignleft\" src=\"https:\/\/scontent-frx5-1.xx.fbcdn.net\/v\/t1.0-9\/15872008_1373434316054096_2251903889404179903_n.jpg?oh=cfd8cbb237a918ac1caddfdc914c633c&amp;oe=59AA07C7\" alt=\"\" width=\"10%\" \/><\/a><br \/>\n<a href=\"https:\/\/www.facebook.com\/mannheimphotoweekend\/\"><strong>Mannheim Photo Weekend<\/strong><\/a><br \/>\n<\/i><\/p>\n<p>Die Ausstellung wird vom 23.-25. Juni ge\u00f6ffnet sein.<br \/>\nFreitag 23.6. ab 19:00, Samstag 24.6. ab 15:00,\u00a0Sonntag 25.6. ab 16:00<br \/>\n<!--more--><\/p>\n<p class=\"western\" style=\"text-align: justify;\"><span style=\"color: #000000;\"><span style=\"font-family: 'Source Sans Pro', sans-serif;\"><span style=\"font-size: medium;\">Wei\u00df! Hell! Strahlend! Wenn ich an meine Kindheit denke, str\u00f6men helle, strahlende Bilder auf mich ein. Wei\u00dfer Schnee \u2013 in meiner Erinnerung immer ein bisschen wei\u00dfer als im richtigen Leben. Wei\u00dfe N\u00e4chte \u2013 in meiner Erinnerung hell wie der lichte Tag. Wei\u00dfes St. Petersburg, dort bin ich geboren und aufgewachsen. Ich war zwanzig Jahre alt und kaum richtig erwachsen, als ich Dich verlie\u00df.<\/span><\/span><\/span><\/p>\n<p class=\"western\" style=\"text-align: justify;\"><span style=\"color: #000000;\"><span style=\"font-family: 'Source Sans Pro', sans-serif;\"><span style=\"font-size: medium;\">Neue Bilder kamen. Deutschland. Alles ganz anders. Der Schnee war nicht mehr so wei\u00df; die N\u00e4chte waren auch im Sommer dunkel. Zwanzig Jahre lebe ich jetzt in Deutschland. Viel Sch\u00f6nes hab ich hier gefunden und manches wieder verloren. Erinnerungen aus Russland geistern nach so vielen Jahren immer noch durch meinen Kopf. Aber noch mehr Erinnerungen aus Deutschland machen sich in meinem Kopf breit und wagen es, meine alten Erinnerungen zur\u00fcckzudr\u00e4ngen. Geh\u00f6re ich jetzt hier her. Bin ich jetzt deutsch? Bin ich noch russisch? Wer bin ich und wo geh\u00f6re ich hin? <\/span><\/span><\/span><\/p>\n<p class=\"western\" style=\"text-align: justify;\"><span style=\"color: #000000;\"><span style=\"font-family: 'Source Sans Pro', sans-serif;\"><span style=\"font-size: medium;\">Manchmal sehne ich ich mich nach den hellen Bildern meiner Kindheit und will sie wiedersehen. Aber gibt es sie wirklich oder gibt es sie nur in meiner Erinnerung? Ich wollte sie finden, die Bilder, die durch meinen Kopf geistern, sie mit der Kamera einfangen und auf Papier bannen. Ich will sie mir ansehen, wann immer ich es will. Also packte ich meine Kamera ein und reiste nach St. Petersburg zu meiner Mutter und den Erinnerungen meiner Jugend.<\/span><\/span><\/span><\/p>\n<p class=\"western\" style=\"text-align: justify;\"><span style=\"color: #000000;\"><span style=\"font-family: 'Source Sans Pro', sans-serif;\"><span style=\"font-size: medium;\">Die Bilder zeigen meinen Blick auf meine Heimatstadt, die mir fremd geworden ist und die ich in meinen Bildern wieder gefunden habe. Jene Stadt, in der ich einst geboren wurde und die ich sehr liebte. Die Bilder helfen meiner russischen und meiner deutschen Seele dazu zu geh\u00f6ren. <\/span><\/span><\/span><\/p>\n","protected":false},"excerpt":{"rendered":"<p>Eine Reise in meine Vergangenheit mit sehr pers\u00f6nlichen Bildern und vagen Erinnerungen. Die Vernissage\u00a0ist am\u00a0 11. Juni\u00a02017. Sie beginnt\u00a0um 16:00 Uhr; offen ist ab 15:00. Am 24. Juni 2017 gibt es um 16:00 ein K\u00fcnstlergespr\u00e4ch mit Ella. Die Ausstellung ist Teil des Mannheim Photo Weekend. Mannheim Photo Weekend Die Ausstellung wird vom 23.-25. Juni ge\u00f6ffnet &hellip; <\/p>\n<p class=\"link-more\"><a href=\"https:\/\/www.ateliersimdelta.de\/giftbox\/white-petersburg-von-ella-kehrer\/\" class=\"more-link\"><span class=\"screen-reader-text\">\u201eAusstellung &#8222;White Petersburg&#8220; von Ella Kehrer\u201c<\/span> weiterlesen<\/a><\/p>\n","protected":false},"author":2,"featured_media":375,"comment_status":"closed","ping_status":"open","sticky":false,"template":"","format":"standard","meta":{"footnotes":""},"categories":[13,32],"tags":[],"class_list":["post-372","post","type-post","status-publish","format-standard","has-post-thumbnail","hentry","category-ausstellungen","category-laufendevergangene"],"_links":{"self":[{"href":"https:\/\/www.ateliersimdelta.de\/giftbox\/wp-json\/wp\/v2\/posts\/372","targetHints":{"allow":["GET"]}}],"collection":[{"href":"https:\/\/www.ateliersimdelta.de\/giftbox\/wp-json\/wp\/v2\/posts"}],"about":[{"href":"https:\/\/www.ateliersimdelta.de\/giftbox\/wp-json\/wp\/v2\/types\/post"}],"author":[{"embeddable":true,"href":"https:\/\/www.ateliersimdelta.de\/giftbox\/wp-json\/wp\/v2\/users\/2"}],"replies":[{"embeddable":true,"href":"https:\/\/www.ateliersimdelta.de\/giftbox\/wp-json\/wp\/v2\/comments?post=372"}],"version-history":[{"count":11,"href":"https:\/\/www.ateliersimdelta.de\/giftbox\/wp-json\/wp\/v2\/posts\/372\/revisions"}],"predecessor-version":[{"id":530,"href":"https:\/\/www.ateliersimdelta.de\/giftbox\/wp-json\/wp\/v2\/posts\/372\/revisions\/530"}],"wp:featuredmedia":[{"embeddable":true,"href":"https:\/\/www.ateliersimdelta.de\/giftbox\/wp-json\/wp\/v2\/media\/375"}],"wp:attachment":[{"href":"https:\/\/www.ateliersimdelta.de\/giftbox\/wp-json\/wp\/v2\/media?parent=372"}],"wp:term":[{"taxonomy":"category","embeddable":true,"href":"https:\/\/www.ateliersimdelta.de\/giftbox\/wp-json\/wp\/v2\/categories?post=372"},{"taxonomy":"post_tag","embeddable":true,"href":"https:\/\/www.ateliersimdelta.de\/giftbox\/wp-json\/wp\/v2\/tags?post=372"}],"curies":[{"name":"wp","href":"https:\/\/api.w.org\/{rel}","templated":true}]}}