{"id":400,"date":"2017-07-04T21:38:31","date_gmt":"2017-07-04T19:38:31","guid":{"rendered":"http:\/\/www.ateliersimdelta.de\/giftbox\/?p=400"},"modified":"2023-12-05T16:54:14","modified_gmt":"2023-12-05T15:54:14","slug":"ausstellung-marionetten-von-jaana-rau","status":"publish","type":"post","link":"https:\/\/www.ateliersimdelta.de\/giftbox\/ausstellung-marionetten-von-jaana-rau\/","title":{"rendered":"Ausstellung &#8222;Marionetten&#8220; von Jaana Rau"},"content":{"rendered":"<div class=\"separator\" style=\"clear: both; text-align: justify;\"><a href=\"https:\/\/www.ateliersimdelta.de\/giftbox\/eden\/\"><img decoding=\"async\" class=\"alignleft\" src=\"https:\/\/stra.to\/ap\/cdGJYaUy\/s\/03ccac8c6eded4fe401f0ede2946a659\/Ausstellung%20Marionetten.jpg?id=104574877\" alt=\"\" width=\"25%\" \/> <\/a><br \/>\n<a href=\"https:\/\/www.ateliersimdelta.de\/giftbox\/eden\/\"><img decoding=\"async\" class=\"alignright\" src=\"https:\/\/stra.to\/ap\/cdGJYaUy\/s\/184adb938cceeea839e53487f1321106\/Giftbox%20Eden.jpg?id=104575527\" alt=\"\" width=\"65%\" \/> <\/a><\/div>\n<div class=\"separator\" style=\"clear: both; text-align: justify;\"><\/div>\n<div class=\"separator\" style=\"clear: both; text-align: justify;\">\n<hr \/>\n<p class=\"western\">Jaana Rau zeigt eine\u00a0Serie von Zeichnungen aus dem Jahr 2016, die den Namen &#8222;Marionetten&#8220; tr\u00e4gt. Die Ausstellung geh\u00f6rt zum Projekt <a href=\"https:\/\/www.ateliersimdelta.de\/giftbox\/eden\/\">Eden<\/a>.<\/p>\n<p class=\"western\">Die <strong>Vernissage<\/strong>\u00a0ist am<strong>\u00a0 5. August 2017. <\/strong>Sie beginnt\u00a0um <strong>16:00<\/strong> Uhr; offen ist ab 15:00.<\/p>\n<p class=\"western\">Am <strong>26. August\u00a02017<\/strong> gibt es um 16:00 ein <strong>K\u00fcnstlergespr\u00e4ch<\/strong> mit Jaana.<\/p>\n<p class=\"western\">Die <strong>Finissage<\/strong> ist am <strong>9. September 2017<\/strong>.\u00a0Sie beginnt\u00a0um\u00a0<strong>16:00<\/strong>\u00a0Uhr; offen ist ab 15:00.<\/p>\n<\/div>\n<p><!--more--><br \/>\n&#8222;Meine Figuren tragen fast zuf\u00e4llig weibliche Z\u00fcge, manche eher zuf\u00e4llig m\u00e4nnliche und wieder andere wirken geschlechtslos. Ihr gemeinsames Schicksal ist der Flu\u00df der Zeit und des Lebens, der sie hervorbringt und der Ihre K\u00f6rper deformiert, verformt und auf unz\u00e4hlige Arten ver\u00e4ndert; ein Flu\u00df, der Ihnen ein groteskes und marionettenartiges Aussehen beschert. Die Figuren scheinen auf ein Leben zu warten, in dem weibliche oder m\u00e4nnliche Aspekte nicht mehr an das Geschlecht gebunden sind und das Geschlecht keinen Unterschied mehr macht.&#8220;<\/p>\n<p style=\"text-align: right;\"><strong>Jaana Rau \u00fcber Marionetten<\/strong><\/p>\n<p style=\"text-align: left;\">&#8222;Haare sind uns oft eine vors\u00e4tzliche Zierde. Wenn sie st\u00f6ren, streichen wir sie uns aus dem Gesicht, binden sie nach hinten oder schneiden sie ab. Wenn sie lang genug sind, neigen wir aber auch dazu, uns hinter ihnen zu verstecken.<br \/>\nWas gesch\u00e4he, wenn unsere Wimpern beginnen w\u00fcrden, so lang wie unser Haar zu wachsen? \u00dcber unsere Augen und weiter dar\u00fcber hinaus bis hinunter zum Kinn? Das Sch\u00f6nheitsideal der langen Wimpern und Haare wird ins Absurde gef\u00fchrt und wirft so Fragen zu Weiblichkeit und Sch\u00f6nheit auf.&#8220;<\/p>\n<p style=\"text-align: right;\"><strong>Jaana Rau zum Wimpernvideo<\/strong><\/p>\n<p>Jaana ist in Stuttgart geboren und\u00a0<span style=\"font-size: 1rem;\">in N\u00fcrtingen\u00a0<\/span><span style=\"font-size: 1rem;\">a<\/span><span style=\"font-size: 1rem;\">ufgewachsen. Sie besuchte 14 Jahre lang die Kunstschule in N\u00fcrtingen, studierte\u00a0<\/span>Grundschullehramt mit Hauptfach Kunst in Heidelberg und wird ab September\u00a0Freie Kunst in Basel studieren. Seit vier Jahre reist sie j\u00e4hrlich auf Exkursion nach Civitella in Italien, um dort jeweils knapp zwei Wochen mit anderen Studierenden zusammen in einem kleinen Dorf zu wohnen, zu leben und k\u00fcnstlerisch zu arbeiten.<\/p>\n<p>In Civitella sind im vergangenen Jahr auch die Arbeiten \u201eMarionetten\u201c und das \u201eWimpernvideo\u201c entstanden. Das Video war die Hauptarbeit, die sie dort realisieren wollte. Nebenbei begann sie die Pausen zwischen den Dreharbeiten damit zu f\u00fcllen, die <em>Marionetten<\/em> zu zeichnen. Sie waren zuerst eine Art Nebenbesch\u00e4ftigung, aber die <em>Randfiguren schlichen sich<\/em>\u00a0im Laufe der Zeit immer mehr in den Vordergrund und wurden ebenfalls zu einer wichtigen Serie f\u00fcr Jaana, die sie auch in Zukunft weiterentwickelt. Die Ausstellung tr\u00e4gt den Namen der einstigen Randfiguren.<\/p>\n<p style=\"text-align: right;\">&#8222;Civitella war ein Ort, an dem ich sch\u00e4tzen lernte, wenn sich Kunst \u00fcber meine ganze Zeit und den ganzen mir zur Verf\u00fcgung stehenden Raum ausbreitet. Die Erfahrung f\u00fchrte mich fast zwingend zu der Entscheidung Freie Kunst zu studieren.&#8220;<\/p>\n<p style=\"text-align: right;\"><strong>Jaana Rau<\/strong><\/p>\n","protected":false},"excerpt":{"rendered":"<p>Jaana Rau zeigt eine\u00a0Serie von Zeichnungen aus dem Jahr 2016, die den Namen &#8222;Marionetten&#8220; tr\u00e4gt. Die Ausstellung geh\u00f6rt zum Projekt Eden. Die Vernissage\u00a0ist am\u00a0 5. August 2017. Sie beginnt\u00a0um 16:00 Uhr; offen ist ab 15:00. Am 26. August\u00a02017 gibt es um 16:00 ein K\u00fcnstlergespr\u00e4ch mit Jaana. Die Finissage ist am 9. September 2017.\u00a0Sie beginnt\u00a0um\u00a016:00\u00a0Uhr; offen &hellip; <\/p>\n<p class=\"link-more\"><a href=\"https:\/\/www.ateliersimdelta.de\/giftbox\/ausstellung-marionetten-von-jaana-rau\/\" class=\"more-link\"><span class=\"screen-reader-text\">\u201eAusstellung &#8222;Marionetten&#8220; von Jaana Rau\u201c<\/span> weiterlesen<\/a><\/p>\n","protected":false},"author":2,"featured_media":0,"comment_status":"closed","ping_status":"open","sticky":false,"template":"","format":"standard","meta":{"footnotes":""},"categories":[13,36,37,32],"tags":[],"class_list":["post-400","post","type-post","status-publish","format-standard","hentry","category-ausstellungen","category-editionen","category-kuenstlerbuecher","category-laufendevergangene"],"_links":{"self":[{"href":"https:\/\/www.ateliersimdelta.de\/giftbox\/wp-json\/wp\/v2\/posts\/400","targetHints":{"allow":["GET"]}}],"collection":[{"href":"https:\/\/www.ateliersimdelta.de\/giftbox\/wp-json\/wp\/v2\/posts"}],"about":[{"href":"https:\/\/www.ateliersimdelta.de\/giftbox\/wp-json\/wp\/v2\/types\/post"}],"author":[{"embeddable":true,"href":"https:\/\/www.ateliersimdelta.de\/giftbox\/wp-json\/wp\/v2\/users\/2"}],"replies":[{"embeddable":true,"href":"https:\/\/www.ateliersimdelta.de\/giftbox\/wp-json\/wp\/v2\/comments?post=400"}],"version-history":[{"count":36,"href":"https:\/\/www.ateliersimdelta.de\/giftbox\/wp-json\/wp\/v2\/posts\/400\/revisions"}],"predecessor-version":[{"id":455,"href":"https:\/\/www.ateliersimdelta.de\/giftbox\/wp-json\/wp\/v2\/posts\/400\/revisions\/455"}],"wp:attachment":[{"href":"https:\/\/www.ateliersimdelta.de\/giftbox\/wp-json\/wp\/v2\/media?parent=400"}],"wp:term":[{"taxonomy":"category","embeddable":true,"href":"https:\/\/www.ateliersimdelta.de\/giftbox\/wp-json\/wp\/v2\/categories?post=400"},{"taxonomy":"post_tag","embeddable":true,"href":"https:\/\/www.ateliersimdelta.de\/giftbox\/wp-json\/wp\/v2\/tags?post=400"}],"curies":[{"name":"wp","href":"https:\/\/api.w.org\/{rel}","templated":true}]}}