{"id":783,"date":"2022-07-12T13:25:00","date_gmt":"2022-07-12T11:25:00","guid":{"rendered":"https:\/\/www.ateliersimdelta.de\/giftbox\/?p=783"},"modified":"2022-10-28T16:50:27","modified_gmt":"2022-10-28T14:50:27","slug":"ausstellung-metaebenen-des-geistes-des-lernens-der-kunst-und-des-lebens-von-hannah-und-ralf-moser","status":"publish","type":"post","link":"https:\/\/www.ateliersimdelta.de\/giftbox\/ausstellung-metaebenen-des-geistes-des-lernens-der-kunst-und-des-lebens-von-hannah-und-ralf-moser\/","title":{"rendered":"Ausstellung &#8222;Metaebenen des Geistes, des Lernens, der Kunst und des Lebens&#8220; von Hannah und Ralf Moser"},"content":{"rendered":"\n<p>In der Ausstellungsreihe \u201eKunst im Gespr\u00e4ch mit dem K\u00fcnstler \u2013 Feldstudien\u201c stellen K\u00fcnstlerinnen und K\u00fcnstler der Ateliers im Delta zwar normalerweise ihre neuen Projekte vor, aber wir wollen unser 12-j\u00e4hriges Jubil\u00e4um und die Gr\u00fcndung der Ateliers im Delta (AiD) gGmbH zum Anlass nehmen, Euch die S\u00e4ulen unserer Arbeit in k\u00fcnstlerischer Form zu pr\u00e4sentieren.<\/p>\n\n\n\n<p>Giftbox: Juli\/August 2022<br>Nachtwandel 2022<\/p>\n\n\n\n<!--more-->\n\n\n\n<h2 class=\"wp-block-heading\">Nachtwandel<\/h2>\n\n\n\n<figure class=\"wp-block-image size-large\"><img loading=\"lazy\" decoding=\"async\" width=\"1800\" height=\"1800\" src=\"https:\/\/www.ateliersimdelta.de\/giftbox\/wp-content\/uploads\/Balkon-4-Ralf-20222-1800x1800.jpg\" alt=\"\" class=\"wp-image-946\" srcset=\"https:\/\/www.ateliersimdelta.de\/giftbox\/wp-content\/uploads\/Balkon-4-Ralf-20222-1800x1800.jpg 1800w, https:\/\/www.ateliersimdelta.de\/giftbox\/wp-content\/uploads\/Balkon-4-Ralf-20222-1200x1200.jpg 1200w, https:\/\/www.ateliersimdelta.de\/giftbox\/wp-content\/uploads\/Balkon-4-Ralf-20222-150x150.jpg 150w, https:\/\/www.ateliersimdelta.de\/giftbox\/wp-content\/uploads\/Balkon-4-Ralf-20222-768x768.jpg 768w, https:\/\/www.ateliersimdelta.de\/giftbox\/wp-content\/uploads\/Balkon-4-Ralf-20222-500x500.jpg 500w, https:\/\/www.ateliersimdelta.de\/giftbox\/wp-content\/uploads\/Balkon-4-Ralf-20222-400x400.jpg 400w, https:\/\/www.ateliersimdelta.de\/giftbox\/wp-content\/uploads\/Balkon-4-Ralf-20222-1536x1536.jpg 1536w, https:\/\/www.ateliersimdelta.de\/giftbox\/wp-content\/uploads\/Balkon-4-Ralf-20222-2048x2048.jpg 2048w, https:\/\/www.ateliersimdelta.de\/giftbox\/wp-content\/uploads\/Balkon-4-Ralf-20222-100x100.jpg 100w\" sizes=\"auto, (max-width: 706px) 89vw, (max-width: 767px) 82vw, 740px\" \/><\/figure>\n\n\n\n<figure class=\"wp-block-image size-large\"><img loading=\"lazy\" decoding=\"async\" width=\"2000\" height=\"1800\" src=\"https:\/\/www.ateliersimdelta.de\/giftbox\/wp-content\/uploads\/Balkon-9.2-Hannah-20222-2000x1800.jpg\" alt=\"\" class=\"wp-image-947\" srcset=\"https:\/\/www.ateliersimdelta.de\/giftbox\/wp-content\/uploads\/Balkon-9.2-Hannah-20222-2000x1800.jpg 2000w, https:\/\/www.ateliersimdelta.de\/giftbox\/wp-content\/uploads\/Balkon-9.2-Hannah-20222-1334x1200.jpg 1334w, https:\/\/www.ateliersimdelta.de\/giftbox\/wp-content\/uploads\/Balkon-9.2-Hannah-20222-150x135.jpg 150w, https:\/\/www.ateliersimdelta.de\/giftbox\/wp-content\/uploads\/Balkon-9.2-Hannah-20222-768x691.jpg 768w, https:\/\/www.ateliersimdelta.de\/giftbox\/wp-content\/uploads\/Balkon-9.2-Hannah-20222-1536x1382.jpg 1536w, https:\/\/www.ateliersimdelta.de\/giftbox\/wp-content\/uploads\/Balkon-9.2-Hannah-20222-2048x1843.jpg 2048w\" sizes=\"auto, (max-width: 706px) 89vw, (max-width: 767px) 82vw, 740px\" \/><\/figure>\n\n\n\n<h2 class=\"wp-block-heading\">Giftbox<\/h2>\n\n\n\n<p>Die Gr\u00fcndung, das Jubil\u00e4um und die Ausstellung haben wir ebenfalls zum Anlass genommen, unseren&nbsp;<a href=\"https:\/\/www.ateliersimdelta.de\/aid\/\">Internetauftritt<\/a>&nbsp;umzugestalten und hoffen, dass jetzt deutlicher wird, was wir alles machen. \ud83d\ude09<\/p>\n\n\n\n<img decoding=\"async\" class=\"img-responsive\" src=\"https:\/\/www.ateliersimdelta.de\/giftbox\/wp-content\/uploads\/Atelierfoto-Hannah-und-Ralf-Moser-scaled.jpg\" width=\"100%\">\n\n\n\n<p>Unser Atelier ist Kunst-, Projekt-, Ausstellungs- und Meditationsraum f\u00fcr analytische Kunst und Fotografie. Wir zeigen Arbeiten aus dem Bereich der analytischen Fotografie, die an das Bauhaus, die russische Avantgarde und die bildanalytische Fotografie von Timm Rautert ankn\u00fcpfen. Unsere Arbeiten sind immer darauf gerichtet, unsichtbare geistige Strukturen sichtbar und bevormundende Idealisierung erkennbar zu machen. Die Arbeiten dienen dem k\u00fcnstlerischen Zweck der Selbstreflektion und erm\u00f6glichen dem Betrachter, sich von Idealisierungen zu l\u00f6sen, etwas f\u00fcr sich zu entdecken und daraus Lehren f\u00fcr sich aber nicht f\u00fcr andere zu ziehen. Unsere Kunst besch\u00e4ftigt sich mit Natur, Landschaft, Stadt, Gott, dem Alltag und der Welt.&nbsp;<\/p>\n\n\n\n<p>Unsere Kunst ist in eine selbstentwickelte Architektur- und Konstruktionslehre eingebettet, die den Namen &#8222;Die neue Techne&#8220; tr\u00e4gt und auf Verallgemeinerungen von Funktionsstrukturen &#8211; wie in den Ingenieurwissenschaften &#8211; sowie daraus resultierender Kontextbildungen basiert.  <\/p>\n\n\n\n<img decoding=\"async\" class=\"img-responsive\" src=\"https:\/\/www.ateliersimdelta.de\/giftbox\/wp-content\/uploads\/Postkarte-neu.jpg\" width=\"100%\">\n\n\n\n<img decoding=\"async\" class=\"img-responsive\" src=\"https:\/\/www.ateliersimdelta.de\/giftbox\/wp-content\/uploads\/D-K-Kontextbildung-und-technologisches-Verallgemeinern-Kopie.png\" width=\"100%\">\n\n\n\n<p>Die Architektur- und Konstruktionslehre der neuen Techne basiert auf einer Hierarchie von Modellbildungen mit mehreren Metaebenen, wie sie aus der Kybernetik bekannt sind. Mit Metaebenen lassen sich die Probleme des Geistes, des Lernens, der Kunst und des Lebens undogmatisch und l\u00f6sungsneutral aufstellen. Bei unserer Architekturlehre spielen kontextbildende Entscheidungen, die auf Dauer eine Aufgabe mit sich bringen und somit einen architektonischen Kontext f\u00fcr das Erf\u00fcllen der Aufgabe \u00f6ffnen. Die Architektur des eigenen Lebens kann durch kontextbildende Entscheidungen, die zu selbstgew\u00e4hlten Aufgaben f\u00fchren, (de-) rekonstruiert werden. Dabei spielen die Metaebenen des Lebens eine tragende Rolle. <\/p>\n\n\n\n<img decoding=\"async\" class=\"img-responsive\" src=\"https:\/\/www.ateliersimdelta.de\/giftbox\/wp-content\/uploads\/D-K-Systematisches-Schema-zum-Modularisieren-als-Rahmen-der-Architektur-und-Konstruktionslehre.png\" width=\"100%\">\n\n\n\n<p>Die Architektur der eigenen Kunst oder die Architektur des eigenen Ateliers kann in gleicher Weise (de-) rekonstruiert werden. Die Architektur der Ateliers Im Delta ist durch vier Aufgaben bestimmt, die wir beide langfristig erf\u00fcllen m\u00f6chten:<\/p>\n\n\n\n<ul class=\"wp-block-list\"><li>Kunstwerke erschaffen und K\u00fcnstler sein,<\/li><li>Ausstellungen kuratieren und Kurator sein,<\/li><li>Auflagenkunst herausgeben und Verleger sein,<\/li><li>Kunst f\u00f6rdern und F\u00f6rderer sein.<\/li><\/ul>\n\n\n\n<p>Bei der Erf\u00fcllung der selbst bestimmten Aufgaben ist uns nicht wichtig, ob alte, \u00fcberwiegend analoge Techniken oder neue, \u00fcberwiegend digitale Techniken verwendet werden und wir geben nichts auf gut begr\u00fcndete Methoden, die \u00fcbermorgen vergessen sein werden.<\/p>\n\n\n\n<img decoding=\"async\" class=\"img-responsive\" src=\"https:\/\/www.ateliersimdelta.de\/giftbox\/wp-content\/uploads\/Postkarte-neu3.jpg\" width=\"100%\">\n\n\n\n<p>Ausstellungtermine:<br><strong>21. Juli | <\/strong>Vernissage | 19 &#8211; 21 Uhr<\/p>\n\n\n\n<p><strong>29.&nbsp;|<\/strong>&nbsp;<strong>30.&nbsp;|<\/strong>&nbsp;<strong>31, Juli |&nbsp;<\/strong>Kunstgespr\u00e4che | 15 \u2013 21 Uhr<br>Zu den Kunstgespr\u00e4chen bleibt viel Zeit \u00fcber Kunst zu sprechen und wir richten uns nach Euren W\u00fcnschen. Deshalb w\u00fcrden wir uns besonders freuen, wenn ihr Euch die Zeit nehmt am Wochenende bei uns vorbeizuschauen.<br><br><strong>11. | 18. | 25, August |&nbsp;<\/strong>Ausstellungstermine | 19 \u2013 21 Uhr<br>Die langen Donnerstage in der Giftbox haben ihren besonderen Charme.<\/p>\n\n\n\n<p><strong>01. September |&nbsp;<\/strong>Finissage | 19 \u2013 21 Uhr<br>Die Finissage bietet die letzte Gelegenheit nochmal f\u00fcr eine Zusammenfassung vorbeizusehen.<\/p>\n","protected":false},"excerpt":{"rendered":"<p>In der Ausstellungsreihe \u201eKunst im Gespr\u00e4ch mit dem K\u00fcnstler \u2013 Feldstudien\u201c stellen K\u00fcnstlerinnen und K\u00fcnstler der Ateliers im Delta zwar normalerweise ihre neuen Projekte vor, aber wir wollen unser 12-j\u00e4hriges Jubil\u00e4um und die Gr\u00fcndung der Ateliers im Delta (AiD) gGmbH zum Anlass nehmen, Euch die S\u00e4ulen unserer Arbeit in k\u00fcnstlerischer Form zu pr\u00e4sentieren. Giftbox: Juli\/August &hellip; <\/p>\n<p class=\"link-more\"><a href=\"https:\/\/www.ateliersimdelta.de\/giftbox\/ausstellung-metaebenen-des-geistes-des-lernens-der-kunst-und-des-lebens-von-hannah-und-ralf-moser\/\" class=\"more-link\"><span class=\"screen-reader-text\">\u201eAusstellung &#8222;Metaebenen des Geistes, des Lernens, der Kunst und des Lebens&#8220; von Hannah und Ralf Moser\u201c<\/span> weiterlesen<\/a><\/p>\n","protected":false},"author":2,"featured_media":788,"comment_status":"closed","ping_status":"open","sticky":false,"template":"","format":"standard","meta":{"footnotes":""},"categories":[13,32],"tags":[],"class_list":["post-783","post","type-post","status-publish","format-standard","has-post-thumbnail","hentry","category-ausstellungen","category-laufendevergangene"],"_links":{"self":[{"href":"https:\/\/www.ateliersimdelta.de\/giftbox\/wp-json\/wp\/v2\/posts\/783","targetHints":{"allow":["GET"]}}],"collection":[{"href":"https:\/\/www.ateliersimdelta.de\/giftbox\/wp-json\/wp\/v2\/posts"}],"about":[{"href":"https:\/\/www.ateliersimdelta.de\/giftbox\/wp-json\/wp\/v2\/types\/post"}],"author":[{"embeddable":true,"href":"https:\/\/www.ateliersimdelta.de\/giftbox\/wp-json\/wp\/v2\/users\/2"}],"replies":[{"embeddable":true,"href":"https:\/\/www.ateliersimdelta.de\/giftbox\/wp-json\/wp\/v2\/comments?post=783"}],"version-history":[{"count":16,"href":"https:\/\/www.ateliersimdelta.de\/giftbox\/wp-json\/wp\/v2\/posts\/783\/revisions"}],"predecessor-version":[{"id":948,"href":"https:\/\/www.ateliersimdelta.de\/giftbox\/wp-json\/wp\/v2\/posts\/783\/revisions\/948"}],"wp:featuredmedia":[{"embeddable":true,"href":"https:\/\/www.ateliersimdelta.de\/giftbox\/wp-json\/wp\/v2\/media\/788"}],"wp:attachment":[{"href":"https:\/\/www.ateliersimdelta.de\/giftbox\/wp-json\/wp\/v2\/media?parent=783"}],"wp:term":[{"taxonomy":"category","embeddable":true,"href":"https:\/\/www.ateliersimdelta.de\/giftbox\/wp-json\/wp\/v2\/categories?post=783"},{"taxonomy":"post_tag","embeddable":true,"href":"https:\/\/www.ateliersimdelta.de\/giftbox\/wp-json\/wp\/v2\/tags?post=783"}],"curies":[{"name":"wp","href":"https:\/\/api.w.org\/{rel}","templated":true}]}}