{"id":147,"date":"2014-09-07T22:12:50","date_gmt":"2014-09-07T20:12:50","guid":{"rendered":"http:\/\/ateliersimdelta.de\/c42\/?p=147"},"modified":"2015-06-28T13:47:09","modified_gmt":"2015-06-28T11:47:09","slug":"walk-fotografie-friedrichspark-konrad-adenauer-brucke-und-schlosspark","status":"publish","type":"post","link":"https:\/\/www.ateliersimdelta.de\/z42\/walk-fotografie-friedrichspark-konrad-adenauer-brucke-und-schlosspark\/","title":{"rendered":"Walk Fotografie &#8211; Friedrichspark, Konrad-Adenauer-Br\u00fccke und Schlosspark"},"content":{"rendered":"<div class=\"separator\" style=\"clear: both; text-align: justify;\"><a href=\"https:\/\/www.flickr.com\/photos\/ateliersimdelta\/sets\/72157647102151907\"><img decoding=\"async\" class=\"alignleft\" title=\"Walk Fotografie\" src=\"https:\/\/farm4.staticflickr.com\/3879\/15215791515_4ae7067a5a_o.jpg\" alt=\"Walk Fotografie\" width=\"15%\" \/><\/a>Der zweite\u00a0<em>Walk Fotografie<\/em> am 7.9. 2014 f\u00fchrte uns von unserem Treff- und Ausgangspunkt vor dem Reiss-Engelhorn-Museum durch den Friedrichspark zur Konrad-Adenauer-Br\u00fccke.<\/div>\n<div class=\"separator\" style=\"clear: both; text-align: justify;\"><!--more--><\/div>\n<div class=\"separator\" style=\"clear: both; text-align: justify;\">Nach einem Rundkurs (Um, \u00dcber und Unter der Konrad-Adenauer-Br\u00fccke) sind wir in Richtung Schlosspark aufgebrochen. Die meisten Teilnehmer haben den Walk sp\u00e4ter an den Rheinterrassen bei einem Wein, Bier, Wurstsalat, Flammkuchen, &#8230; ausklingen lassen. Um einen sehr freien Ablaufplan zu erm\u00f6glichen, hatten wir wieder Treffpunkte und Zeiten vereinbart.<br \/>\nDer Walk ist als Veranstaltung auf <a title=\"Walk Fotografie (Begrenzte Teilnehmerzahl)\" href=\"https:\/\/www.facebook.com\/events\/308920165952788\/\" target=\"_blank\">facebook<\/a>\u00a0dokumentiert und es gibt eine\u00a0<a title=\"Walk Fotografie (Flickr-Gruppe)\" href=\"https:\/\/www.flickr.com\/groups\/walkfotografie\" target=\"_blank\">Flickr-Gruppe<\/a>\u00a0zu den Walks.\u00a0Es ist zwar nicht m\u00f6glich die Walks \u00fcber diese Seite zu planen, aber wir k\u00f6nnen die Walks auf diese Art dokumentieren, da man keinen facebook Account ben\u00f6tigt, um die Seite anzuzeigen.Wir bedanken uns recht herzlich bei allen Teilnehmern!<\/div>\n<div class=\"separator\" style=\"clear: both; text-align: justify;\">\n<p><a href=\"https:\/\/sharegallery.strato.com\/#walk\/photo\/30695300\"><img decoding=\"async\" class=\"alignleft\" title=\"Walk Fotografie\" src=\"https:\/\/stra.to\/ap\/cdGJYaUy\/s\/6a9104dc54ecd4efcf2f94994a168a00\/2.%20Walk%20Fotografie.PNG?id=31110620\" alt=\"Mannheim im Quadrat\" width=\"38%\" \/><\/a>Auf der gew\u00e4hlten Strecke kann selbst bei sehr schlechtem Wetter fotografiert werden, da es viele \u201e\u00fcberdachte\u201c Stellen gibt. Bei Regen k\u00f6nnen wir uns vor allem unter den Ausl\u00e4ufern der Konrad-Adenauer-Br\u00fccke aufhalten. Dort gibt es auch einige Unterf\u00fchrungen. Bei sehr schlechtem Wetter macht es auch Sinn, Blitzger\u00e4te mitzubringen und die Taschensonnen in den Unterf\u00fchrungen scheinen zu lassen.<\/p>\n<p>W\u00e4hrend des <em>Walk Fotografie<\/em>\u00a0sollen\u00a0die eigenen fotografischen F\u00e4higkeiten durch Aufgaben weiterentwickelt und das eigenen Repertoire soll erweitert werden. Die Aufgaben, die wir stellen, bringen Sie dazu, aus ihrer Routine beim Fotografieren auszubrechen. Wenn das Ausbrechen aus der Routine gelingt, werden sie die Chance haben, sich selbst etwas Neues beizubringen. Dadurch lernen Sie, ihren eigenen Stil zu entwickeln und nicht wie ein \u201e<em>Anderer\u201c<\/em> oder eine <em>\u201eAndere\u201c<\/em> zu fotografieren. Alle\u00a0Aufgaben werden dieses Mal vor dem Walk bekannt gegeben; aber wir werden sie auch noch einmal auf dem Talk erkl\u00e4ren. Bei diesem Walk konzentrieren wir uns auf den Zusammenhang zwischen Linienf\u00fchrung, Formaten und Kontrasten.<\/p>\n<p>Wenn sie den roten Punkten in der Satellitenaufnahme links mit den Augen folgen, ergibt sich ein Bogen. Solche B\u00f6gen werden beim zweiten Walk Fotografie eine Hauptrolle spielen.\u00a0Die f\u00fcnf\u00a0roten Punkte markieren die Treffpunkte.:<\/p>\n<p><strong>Vor dem REM (16:00)<\/strong>: Hier treffen wir uns um 16:00 und sie bekommen die letzten Instruktionen, bevor wir zusammen zum ersten Treffpunkt an der alten Sternwarte laufen und wir sie in den Friedrichspark entlassen.<br \/>\n<strong>Im und um den Friedrichspark (~16:15-16:45):<\/strong>\u00a0Im und um den Friedrichspark darf sich jeder nach seinen Vorstellungen mit der Kamera &#8222;warmschiessen&#8220;. \u00a0Hier werden wir deshalb eher einfache Aufnahmen machen.<br \/>\n<strong>Um, \u00dcber und Unter der Konrad-Adenauer Br\u00fccke (~16:45-17:45):<\/strong>\u00a0Hier lassen sich alle denkbaren geschwungenen Linien fotografieren. Wir haben hier einen &#8222;Rundkurs&#8220; mit vielen alternativen Wegen ausgesucht, so dass sie sich verteilen k\u00f6nnen und sich nicht gegenseitig im Weg herum stehen.<br \/>\n<strong>Schlosspark (~17:45-18:30):<\/strong>\u00a0Im Schlosspark hat mit viel Gl\u00fcck bereits der Herbst ein wenig eingesetzt, so dass wir die ersten B\u00e4ume mit gelben Bl\u00e4ttern erleben konnen. Hier gibt es leider keine \u00fcberdachten Fl\u00e4chen. Sollte es Regnen, bleiben wir in den Unterf\u00fchrungen, die auf dem Weg zum Schlosspark liegen und probieren unsere Blitzger\u00e4te aus.<br \/>\n<strong>Rheinterrassen (~18:30- ?)<\/strong>: Hier lassen wir den Abend\u00a0bei einem Wein, Bier, Wurstsalat, Flammkuchen, &#8230; ausklingen.<\/p>\n<p>Beim Fotografieren ist es wichtig sich den Zusammenhang zwischen Linien (vertikal, horizontal, Diagonale, Gegendiagonale, etc.), Formaten (Hochformat, Querformat, Quadrat) und Kontrasten (Hell-Dunkel-Kontrast, Warm-Kalt-Kontrast, Farbkontrast, etc.) klar zu machen.\u00a0\u00a0Zum genannten Zusammenhang stellen wir ihnen Aufgaben.<\/p>\n<div class=\"separator\" style=\"clear: both; text-align: justify;\"><a href=\"https:\/\/www.flickr.com\/photos\/ateliersimdelta\/sets\/72157647102151907\"><img decoding=\"async\" class=\"alignleft\" title=\"Walk Fotografie\" src=\"https:\/\/farm4.staticflickr.com\/3887\/15036576430_f15020fd1f_o.jpg\" alt=\"Walk Fotografie\" width=\"62%\" \/><\/a><strong>Aufgabe I (<strong>Friedrichspark<\/strong>):<\/strong>\u00a0In und um den Friedrichspark beginnen wir mit\u00a0einfache\u00a0Linienf\u00fchrungen und einfache Kompositionen. Einfache Kompositionen sind beispielsweise Querformate mit horizontalen Linien, Hochformate mit vertikalen Linien und Quadrate mit einer Kreislinie. So einfach geht es aber nicht immer, da es eher die Ausnahme ist, dass man h\u00e4ufig auf solche einfachen Kompositionen trifft. Machen sie f\u00fcnf Kompositionen mit sehr einfacher Linienf\u00fchrung: z. B. Querformat mit Horizontlinie auf dem unteren goldenen Schnitt und machen Sie sich bevor Sie die Kamera ans Auge nehmen und insbesondere vor dem Ausl\u00f6sen ihre Linienf\u00fchrung bewusst.\u00a0Unter den f\u00fcnf Bildern sollten alle drei Formate (Hochformat, Querformat, Quadrat)\u00a0dabei sein.<\/div>\n<div class=\"separator\" style=\"clear: both; text-align: justify;\">Beim ersten Walk hatten wir die Aufgabe gestellt, den Bild Ausschnitt kleiner als sie es vielleicht gew\u00f6hnt sind, zu w\u00e4hlen. <span style=\"color: #0c3214;\">\u201cWenn du nicht gut genug bist, dann warst du nicht nah genug dran\u201d, lautete das Credo der Fotografen-Legende Robert Capa. Wenn Sie diese Idee von Capa auf den Bildausschnitt einer Fotografie \u00fcbertragen, dann ist der gew\u00e4hlte Ausschnitt oft zu gro\u00df. Oft wird\u00a0 versucht die ganze Br\u00fccke oder das ganze Gesicht oder sonst ein Objekt ganz in den Bildausschnitt zu bekommen und dadurch werden Hauptbestandteile des Bildes zu klein oder \u00a0die Komposition ist nicht gut oder das Bild bleibt aus anderen Gr\u00fcnden hinter seinen M\u00f6glichkeiten zur\u00fcck. Das sollten Sie beim &#8222;Einschie\u00dfen&#8220; im Friedrichpark durchaus erneut ausprobieren. Das kann ihnen bei der Aufgabe II eine gro\u00dfe Hilfe sein.<\/span><\/div>\n<div class=\"separator\" style=\"clear: both; text-align: justify;\"><\/div>\n<div class=\"separator\" style=\"clear: both; text-align: justify;\"><a href=\"https:\/\/www.flickr.com\/photos\/ateliersimdelta\/sets\/72157647102151907\"><img decoding=\"async\" class=\"alignright\" title=\"Walk Fotografie\" src=\"https:\/\/farm4.staticflickr.com\/3879\/15215791515_4ae7067a5a_o.jpg\" alt=\"Walk Fotografie\" width=\"62%\" \/><\/a><strong>Aufgabe II (<strong>Um, \u00dcber und Unter der Konrad-Adenauer Br\u00fccke<\/strong>)<\/strong>:\u00a0Eine der schwierigeren Aufgaben bei der Fotografie ist es, geschwungene Formen mit geraden perspektivischen Linien gekonnt in das gew\u00e4hlte Format zu integrieren. Die zweite Aufgabe besteht darin jeweils f\u00fcnf\u00a0unterschiedliche Bilder f\u00fcr jedes Format (Hoch-, Querformat, Quadrat) zu machen; also f\u00fcnf Hochformat, f\u00fcnf Querformat und f\u00fcnf quadratische Bilder.In jedes der f\u00fcnf Bilder sollten gekr\u00fcmmte Linien, B\u00f6gen, und &#8211; wenn m\u00f6glich (f\u00fcr die Profis) &#8211; perspektivische Linien integriert werden.<\/div>\n<div class=\"separator\" style=\"clear: both; text-align: justify;\">Wenn sie eher\u00a0Anf\u00e4nger sind, dann sollten Sie es ruhig angehen lassen und sich nicht \u00fcberfordern. Wenn sie eher Profi sind, dann geben Sie alles und denken daran, dass es auch schlechte Tage und schlechtes Licht gibt.<\/div>\n<div class=\"separator\" style=\"clear: both; text-align: justify;\"><\/div>\n<div class=\"separator\" style=\"clear: both; text-align: justify;\">\n<p><a href=\"https:\/\/www.flickr.com\/photos\/ateliersimdelta\/sets\/72157647102151907\"><img decoding=\"async\" class=\"alignleft\" title=\"Walk Fotografie\" src=\"https:\/\/farm4.staticflickr.com\/3877\/15220187041_be1a026046_o.jpg\" alt=\"Walk Fotografie\" width=\"62%\" \/><\/a><\/p>\n<p><strong>Aufgabe III (<strong>Schlosspark<\/strong>):<\/strong>\u00a0Portr\u00e4tieren sie einen (freistehenden) Baum. Machen Sie drei\u00a0Bilder, die den Baum aus unterschiedlichen Perspektiven zeigen. Machen sie drei Aufnahmen, die Details der Bl\u00e4tter\/\u00c4ste\/Rinde\/&#8230; zeigen. Achten sie dabei insbesondere auf die Linien und Figuren (Kreis, Dreieck, &#8230;), die sich in ihrem Bild aufbauen und w\u00e4hlen sie dazu passende Formate.<\/p>\n<p>&nbsp;<\/p>\n<\/div>\n<\/div>\n","protected":false},"excerpt":{"rendered":"<p>Der zweite\u00a0Walk Fotografie am 7.9. 2014 f\u00fchrte uns von unserem Treff- und Ausgangspunkt vor dem Reiss-Engelhorn-Museum durch den Friedrichspark zur Konrad-Adenauer-Br\u00fccke.<\/p>\n","protected":false},"author":2,"featured_media":0,"comment_status":"closed","ping_status":"open","sticky":false,"template":"","format":"standard","meta":{"footnotes":""},"categories":[11],"tags":[22],"class_list":["post-147","post","type-post","status-publish","format-standard","hentry","category-walk","tag-walk"],"_links":{"self":[{"href":"https:\/\/www.ateliersimdelta.de\/z42\/wp-json\/wp\/v2\/posts\/147","targetHints":{"allow":["GET"]}}],"collection":[{"href":"https:\/\/www.ateliersimdelta.de\/z42\/wp-json\/wp\/v2\/posts"}],"about":[{"href":"https:\/\/www.ateliersimdelta.de\/z42\/wp-json\/wp\/v2\/types\/post"}],"author":[{"embeddable":true,"href":"https:\/\/www.ateliersimdelta.de\/z42\/wp-json\/wp\/v2\/users\/2"}],"replies":[{"embeddable":true,"href":"https:\/\/www.ateliersimdelta.de\/z42\/wp-json\/wp\/v2\/comments?post=147"}],"version-history":[{"count":0,"href":"https:\/\/www.ateliersimdelta.de\/z42\/wp-json\/wp\/v2\/posts\/147\/revisions"}],"wp:attachment":[{"href":"https:\/\/www.ateliersimdelta.de\/z42\/wp-json\/wp\/v2\/media?parent=147"}],"wp:term":[{"taxonomy":"category","embeddable":true,"href":"https:\/\/www.ateliersimdelta.de\/z42\/wp-json\/wp\/v2\/categories?post=147"},{"taxonomy":"post_tag","embeddable":true,"href":"https:\/\/www.ateliersimdelta.de\/z42\/wp-json\/wp\/v2\/tags?post=147"}],"curies":[{"name":"wp","href":"https:\/\/api.w.org\/{rel}","templated":true}]}}