{"id":283,"date":"2013-07-13T22:02:23","date_gmt":"2013-07-13T20:02:23","guid":{"rendered":"http:\/\/ateliersimdelta.de\/z42\/?p=283"},"modified":"2015-08-29T18:03:50","modified_gmt":"2015-08-29T16:03:50","slug":"konzepte-fur-die-fotographische-und-die-kunstlerische-gestaltung-2","status":"publish","type":"post","link":"https:\/\/www.ateliersimdelta.de\/z42\/konzepte-fur-die-fotographische-und-die-kunstlerische-gestaltung-2\/","title":{"rendered":"Konzepte f\u00fcr die fotografische und die k\u00fcnstlerische Gestaltung"},"content":{"rendered":"<p>Konzepte f\u00fcr die fotographische Gestaltung sind f\u00fcr mich untrennbar mit dem Namen Andreas Feininger verbunden, wenn es um die hohe Schule der Fotografie oder um die ganz gro\u00dfe Fotolehre geht.<\/p>\n<p><!--more--><\/p>\n<p>Feininger fasst inbesondere die <strong>fotografische Leistung<\/strong> ins Auge und zeigt einige Wege auf wie man die Fotografie selbst zur Kunst entwickeln kann. Seit vielen Jahren hat aber auch die Kunst die Fotografie entdeckt und nutzt das Medium Fotografie um Kunstprojekte umzusetzen. Bei solchen Kunstprojekten k\u00f6nnen ganz andere Zug\u00e4nge zur Fotografie entstehen, welche die klassischen Kunstform eines Andreas Feininger nicht im Blick hatte. Bei solchen Projekten ist es n\u00fctzlich, neben der <strong>fotografischen Leistung<\/strong> auch <strong>die k\u00fcnstlerische Leistung<\/strong> zu sehen und zu betrachten.<\/p>\n<h3>Die Notwendigkeit der fotografischen Gestaltung<\/h3>\n<p>Feininger hat deutlich auf die Notwendigkeit der Gestaltung hingewiesen und klar gemacht, dass es die richtige Darstellung nicht gibt. Bestenfalls kann man in Gute und weniger Gute relativ zu einem gesetzten oder vorgegebenen Darstellungszweck einteilen. So ist Fotographieren einerseits leicht, weil jedes Kind den Ausl\u00f6ser bet\u00e4tigen kann, und andererseits schwer, weil es oft nur sehr wenig gute unter vielen Aufnahmen zu einem aufgenommenen Motiv gibt. So kann man sagen, dass die fotografische Gestaltung notwendig ist, aber dass keine Notwendigkeit beschreibt, wie die Gestaltung zu geschehen hat.<\/p>\n<h3>Die M\u00f6glichkeit der k\u00fcnstlerischen Gestaltung<\/h3>\n<p>Es gibt keine Notwendigkeit aber die M\u00f6glichkeit zur k\u00fcnstlerischen Gestaltung in der Fotografie. Das Spektrum reicht von Kunstprojekten, die das Medium Fotografie verwenden bis zur hohen fotografischen Kunst der Meister der (\u00e4sthetischen) Fotografie. Dabei gelingt es den Meistern oft eine eigene \u00c4sthetik zu entwickeln, die Anfangs nicht jedem gef\u00e4llt.<\/p>\n<h3>Interessantes<\/h3>\n<h4>Lekt\u00fcre<\/h4>\n<p>Andreas Feininger: <a href=\"http:\/\/www.amazon.de\/Die-Hohe-Schule-Fotografie-Standardwerk\/dp\/3453412192\/ref=sr_1_2?ie=UTF8&amp;s=books&amp;qid=1280585967&amp;sr=8-2\" target=\"_blank\">Die hohe Schule der Fotographie<\/a> und <a href=\"http:\/\/www.amazon.de\/Andreas-Feiningers-gro%C3%9Fe-Fotolehre-Feininger\/dp\/3453179757\/ref=sr_1_1?ie=UTF8&amp;s=books&amp;qid=1280585967&amp;sr=8-1\" target=\"_blank\">Grosse Fotolehre<\/a>.<\/p>\n<p>Wer nur ein Buch besitzen will, der kaufe &#8222;Die hohe Schule der Fotographie&#8220;. Moderne Digitalfotographen wird es bei den g\u00fcnstigen Preisen leicht fallen, \u00fcber jene Teile, die sich auf die analoge Fotographie beziehen, hinwegzusehen.<\/p>\n<p>Ernst A. Weber: <a href=\"http:\/\/www.amazon.de\/Sehen-Gestalten-Fotografieren-Ernst-Weber\/dp\/3764324694\/ref=sr_1_1?ie=UTF8&amp;s=books&amp;qid=1280586973&amp;sr=8-1\" target=\"_blank\">Sehen, Gestalten und Fotographieren<\/a>.<\/p>\n<p>Ein moderner Klassiker f\u00fcr Leute mit analytischem Verstand und einem Hang zu systematischen Ans\u00e4tzen. Ein \u00fcberaus empfehlenswertes Buch!<\/p>\n<h4>Links zur Bildgestaltung<\/h4>\n<p>Petteri Sulonens: <a href=\"http:\/\/www.prime-junta.net\/pont\/Photography_lessons\/a_about\/_Teaching_composition.html\" target=\"_self\">Petteri&#8217;s Pontifications<\/a><\/p>\n<p>Zeichnen Lernen\/Stefanie N\u00f6lle: <a href=\"http:\/\/www.zeichnen-lernen.net\/kunstkurse\/gestaltungsgesetze.php\">Gestaltungsgesetze<\/a><\/p>\n<h4>Links zur Bildanalyse<\/h4>\n<p>Roland V\u00f6gtli : <a href=\"http:\/\/www.punctumsaliens.ch\/docs\/ahbah\/index.html\" target=\"_blank\">Ah-Bah!<\/a><\/p>\n<p>&nbsp;<\/p>\n","protected":false},"excerpt":{"rendered":"<p>Konzepte f\u00fcr die fotographische Gestaltung sind f\u00fcr mich untrennbar mit dem Namen Andreas Feininger verbunden, wenn es um die hohe Schule der Fotografie oder um die ganz gro\u00dfe Fotolehre geht.<\/p>\n","protected":false},"author":2,"featured_media":0,"comment_status":"closed","ping_status":"open","sticky":false,"template":"","format":"standard","meta":{"footnotes":""},"categories":[26],"tags":[21],"class_list":["post-283","post","type-post","status-publish","format-standard","hentry","category-stil","tag-arbeite-an-deiner-art-zu-fotografieren"],"_links":{"self":[{"href":"https:\/\/www.ateliersimdelta.de\/z42\/wp-json\/wp\/v2\/posts\/283","targetHints":{"allow":["GET"]}}],"collection":[{"href":"https:\/\/www.ateliersimdelta.de\/z42\/wp-json\/wp\/v2\/posts"}],"about":[{"href":"https:\/\/www.ateliersimdelta.de\/z42\/wp-json\/wp\/v2\/types\/post"}],"author":[{"embeddable":true,"href":"https:\/\/www.ateliersimdelta.de\/z42\/wp-json\/wp\/v2\/users\/2"}],"replies":[{"embeddable":true,"href":"https:\/\/www.ateliersimdelta.de\/z42\/wp-json\/wp\/v2\/comments?post=283"}],"version-history":[{"count":0,"href":"https:\/\/www.ateliersimdelta.de\/z42\/wp-json\/wp\/v2\/posts\/283\/revisions"}],"wp:attachment":[{"href":"https:\/\/www.ateliersimdelta.de\/z42\/wp-json\/wp\/v2\/media?parent=283"}],"wp:term":[{"taxonomy":"category","embeddable":true,"href":"https:\/\/www.ateliersimdelta.de\/z42\/wp-json\/wp\/v2\/categories?post=283"},{"taxonomy":"post_tag","embeddable":true,"href":"https:\/\/www.ateliersimdelta.de\/z42\/wp-json\/wp\/v2\/tags?post=283"}],"curies":[{"name":"wp","href":"https:\/\/api.w.org\/{rel}","templated":true}]}}