{"id":340,"date":"2015-07-25T16:04:55","date_gmt":"2015-07-25T14:04:55","guid":{"rendered":"http:\/\/ateliersimdelta.de\/z42\/?p=340"},"modified":"2015-08-01T16:15:06","modified_gmt":"2015-08-01T14:15:06","slug":"walk-fotografie-rheinauhafen","status":"publish","type":"post","link":"https:\/\/www.ateliersimdelta.de\/z42\/walk-fotografie-rheinauhafen\/","title":{"rendered":"Walk Fotografie &#8211; Rheinauhafen"},"content":{"rendered":"<div class=\"separator\" style=\"clear: both; text-align: justify;\"><a href=\"https:\/\/www.flickr.com\/groups\/walkfotografie\"><img decoding=\"async\" class=\"alignleft\" title=\"Walk Fotografie\" src=\"http:\/\/ateliersimdelta.de\/z42\/wp-content\/uploads\/2015\/07\/4.-Walk-I.png\" alt=\"Walk Fotografie\" width=\"36%\" \/><\/a>Der vierte\u00a0<em>Walk Fotografie<\/em> am 2.8.2015 f\u00fchrt uns durch den Rheinauhafen. Von den Teilnehmern des Walks erbitten wir eine kleine Spende in die Spendenkasse unseres Ateliers. Treffpunkt ist die Fu\u00dfg\u00e4ngerbr\u00fccke am Ende der Gra\u00dfmannstra\u00dfe.<\/div>\n<div class=\"separator\" style=\"clear: both; text-align: justify;\"><!--more--><\/div>\n<div class=\"separator\" style=\"clear: both; text-align: justify;\">Der Walk wird\u00a0als Veranstaltung auf <a title=\"Walk Fotografie (Begrenzte Teilnehmerzahl)\" href=\"https:\/\/www.facebook.com\/events\/652079371560921\/\" target=\"_blank\">facebook<\/a>\u00a0dokumentiert und es gibt eine\u00a0<a title=\"Walk Fotografie (Flickr-Gruppe)\" href=\"https:\/\/www.flickr.com\/groups\/walkfotografie\" target=\"_blank\">Flickr-Gruppe<\/a>\u00a0zu den Walks.\u00a0Es ist zwar nicht m\u00f6glich die Walks \u00fcber diese Seite zu planen, aber wir k\u00f6nnen die Walks auf diese Art dokumentieren, da man keinen facebook Account ben\u00f6tigt, um die Seite anzuzeigen.<\/div>\n<div class=\"separator\" style=\"clear: both; text-align: justify;\">W\u00e4hrend des <em>Walk Fotografie<\/em>\u00a0sollen\u00a0die eigenen fotografischen F\u00e4higkeiten durch Aufgaben weiterentwickelt und das eigenen Repertoire soll erweitert werden. Die Aufgaben, die wir stellen, bringen Sie dazu, aus ihrer Routine beim Fotografieren auszubrechen. Wenn das Ausbrechen aus der Routine gelingt, werden sie die Chance haben, sich selbst etwas Neues beizubringen. Dadurch lernen Sie, ihren eigenen Stil zu entwickeln und nicht wie ein \u201e<em>Anderer\u201c<\/em> oder eine <em>\u201eAndere\u201c<\/em> zu fotografieren. Bei diesem Walk konzentrieren wir uns auf Triple-F (<a href=\"http:\/\/ateliersimdelta.de\/z42\/?p=350\">Formate<\/a>, <a href=\"http:\/\/ateliersimdelta.de\/z42\/?p=357\">Farbton-Kontraste<\/a> und <a href=\"http:\/\/ateliersimdelta.de\/z42\/?p=372\">Festbrennweiten<\/a>). Zum genannten Zusammenhang stellen wir ihnen Aufgaben.<\/div>\n<div class=\"separator\" style=\"clear: both; text-align: justify;\">\n<p><a href=\"https:\/\/www.flickr.com\/groups\/walkfotografie\"><img decoding=\"async\" class=\"alignright\" title=\"Walk Fotografie\" src=\"http:\/\/ateliersimdelta.de\/z42\/wp-content\/uploads\/2015\/07\/4.-Walk-I.png\" alt=\"Mannheim im Quadrat\" width=\"62%\" \/><\/a>Auf der gew\u00e4hlten Strecke gibt es keine\u00a0\u201e\u00fcberdachten\u201c Stellen, die bei starkem Regen als Unterstand dienen k\u00f6nnen. Bei sehr schlechtem Wetter (Dauerregen) w\u00fcrden wir den Walk um eine Woche verschieben.<\/p>\n<p>Parkl\u00e4tze finden sie in der Gra\u00dfmannstra\u00dfe, der Bergiusstra\u00dfe und der Harpener Stra\u00dfe.<\/p>\n<p>Die roten Punkte in der Satellitenaufnahme markieren die Treffpunkte:<\/p>\n<p><strong>Fu\u00dfg\u00e4ngerbr\u00fccke am Ende der Gra\u00dfmannstra\u00dfe\u00a0(16:00)<\/strong>: Hier treffen wir uns und es gibt\u00a0die letzten Instruktionen, bevor wir uns <em>einschie\u00dfen<\/em> und auf den Weg machen.<br \/>\n<strong>Ruhrorter-\/Duisburger Stra\u00dfe\u00a0(~17:15):<\/strong>\u00a0Hier gibt es einen sch\u00f6nen Blick auf die Br\u00fccke (Duisburger Stra\u00dfe) und weitere interessante M\u00f6glichkeiten zu erkunden. Hier stehen <a href=\"http:\/\/ateliersimdelta.de\/z42\/?p=357\">Farbton-Kontraste<\/a> auf dem Programm.<br \/>\n<strong>Br\u00fccke Duisburger Stra\u00dfe(~18:00):<\/strong>\u00a0Hier pr\u00e4sentiert sich das Gro\u00dfkraftwerk Mannheim (GKM) von einer seiner besten Seiten. Hier schlagen wir vor, dass sie sich an den <a href=\"http:\/\/ateliersimdelta.de\/z42\/?p=350\">quadratischen Formaten<\/a> versuchen und 40, 50 oder mehr mm Brennweite ausprobieren.<br \/>\n<a href=\"https:\/\/www.flickr.com\/groups\/walkfotografie\"><img decoding=\"async\" class=\"alignleft\" title=\"Walk Fotografie\" src=\"http:\/\/ateliersimdelta.de\/z42\/wp-content\/uploads\/2015\/07\/4.-Walk-II.png\" alt=\"Mannheim im Quadrat\" width=\"36%\" \/><\/a><b>Restaurant Heimat (ab\u00a019:00)<\/b>: Hier lassen wir den Abend\u00a0bei einem Wein, Bier, &#8230; und einem Wiener Schnitzel ausklingen. Je nach Wetter empfiehlt es sich zu <a href=\"http:\/\/heimat-mannheim.de\/reservieren\/\">reservieren<\/a>.<\/p>\n<p>&nbsp;<\/p>\n<div class=\"separator\" style=\"clear: both; text-align: justify;\"><\/div>\n<\/div>\n","protected":false},"excerpt":{"rendered":"<p>Der vierte\u00a0Walk Fotografie am 2.8.2015 f\u00fchrt uns durch den Rheinauhafen. Von den Teilnehmern des Walks erbitten wir eine kleine Spende in die Spendenkasse unseres Ateliers. Treffpunkt ist die Fu\u00dfg\u00e4ngerbr\u00fccke am Ende der Gra\u00dfmannstra\u00dfe.<\/p>\n","protected":false},"author":2,"featured_media":0,"comment_status":"closed","ping_status":"open","sticky":false,"template":"","format":"standard","meta":{"footnotes":""},"categories":[11],"tags":[22],"class_list":["post-340","post","type-post","status-publish","format-standard","hentry","category-walk","tag-walk"],"_links":{"self":[{"href":"https:\/\/www.ateliersimdelta.de\/z42\/wp-json\/wp\/v2\/posts\/340","targetHints":{"allow":["GET"]}}],"collection":[{"href":"https:\/\/www.ateliersimdelta.de\/z42\/wp-json\/wp\/v2\/posts"}],"about":[{"href":"https:\/\/www.ateliersimdelta.de\/z42\/wp-json\/wp\/v2\/types\/post"}],"author":[{"embeddable":true,"href":"https:\/\/www.ateliersimdelta.de\/z42\/wp-json\/wp\/v2\/users\/2"}],"replies":[{"embeddable":true,"href":"https:\/\/www.ateliersimdelta.de\/z42\/wp-json\/wp\/v2\/comments?post=340"}],"version-history":[{"count":0,"href":"https:\/\/www.ateliersimdelta.de\/z42\/wp-json\/wp\/v2\/posts\/340\/revisions"}],"wp:attachment":[{"href":"https:\/\/www.ateliersimdelta.de\/z42\/wp-json\/wp\/v2\/media?parent=340"}],"wp:term":[{"taxonomy":"category","embeddable":true,"href":"https:\/\/www.ateliersimdelta.de\/z42\/wp-json\/wp\/v2\/categories?post=340"},{"taxonomy":"post_tag","embeddable":true,"href":"https:\/\/www.ateliersimdelta.de\/z42\/wp-json\/wp\/v2\/tags?post=340"}],"curies":[{"name":"wp","href":"https:\/\/api.w.org\/{rel}","templated":true}]}}