{"id":357,"date":"2015-07-25T12:36:49","date_gmt":"2015-07-25T10:36:49","guid":{"rendered":"http:\/\/ateliersimdelta.de\/z42\/?p=357"},"modified":"2020-04-26T14:26:59","modified_gmt":"2020-04-26T12:26:59","slug":"stilubung-farbton-kontrast","status":"publish","type":"post","link":"https:\/\/www.ateliersimdelta.de\/z42\/stilubung-farbton-kontrast\/","title":{"rendered":"Stil\u00fcbung &#8211; Farbton-Kontrast"},"content":{"rendered":"\n<div class=\"wp-block-image\"><figure class=\"alignleft size-large is-resized\"><a href=\"http:\/\/de.wikipedia.org\/wiki\/Sieben_Farbkontraste#Farbe-an-sich-Kontrast\"><img loading=\"lazy\" decoding=\"async\" src=\"https:\/\/www.ateliersimdelta.de\/z42\/wp-content\/uploads\/2020\/04\/Farbton-Kontrast-1024x1024.jpg\" alt=\"\" class=\"wp-image-849\" width=\"256\" height=\"256\" title=\"1. Farbton-Kontrast\" srcset=\"https:\/\/www.ateliersimdelta.de\/z42\/wp-content\/uploads\/2020\/04\/Farbton-Kontrast-1024x1024.jpg 1024w, https:\/\/www.ateliersimdelta.de\/z42\/wp-content\/uploads\/2020\/04\/Farbton-Kontrast-300x300.jpg 300w, https:\/\/www.ateliersimdelta.de\/z42\/wp-content\/uploads\/2020\/04\/Farbton-Kontrast-150x150.jpg 150w, https:\/\/www.ateliersimdelta.de\/z42\/wp-content\/uploads\/2020\/04\/Farbton-Kontrast-768x768.jpg 768w, https:\/\/www.ateliersimdelta.de\/z42\/wp-content\/uploads\/2020\/04\/Farbton-Kontrast-100x100.jpg 100w, https:\/\/www.ateliersimdelta.de\/z42\/wp-content\/uploads\/2020\/04\/Farbton-Kontrast.jpg 1181w\" sizes=\"auto, (max-width: 256px) 100vw, 256px\" \/><\/a><figcaption>Farbton-Kontrast<\/figcaption><\/figure><\/div>\n\n\n\n<p>Machen Sie Aufnahmen, die als Stilmittel&nbsp;Farbton-Kontraste verwenden, und experimentieren Sie so lange bis sie ein eigenes Gef\u00fchl f\u00fcr solche Kontraste entdecken.<\/p>\n\n\n\n<!--more-->\n\n\n\n<p>Der&nbsp;<strong>Farbe-an-sich-Kontrast<\/strong>: Er wird auch&nbsp;<strong>Farbton-Kontrast<\/strong>&nbsp;genannt.&nbsp;Er entsteht zwangsl\u00e4ufig, sobald mindestens zwei Farben in reiner, ungebrochener Form zusammenkommen. Ein starker Farbe-an-sich-Kontrast wirkt meist bunt, laut, kraftvoll und entschieden. Je gr\u00f6\u00dfer die Zahl der eingesetzten Farben ist, umso mehr Variationen sind m\u00f6glich.&nbsp;&nbsp;<\/p>\n\n\n\n<p>Der Farbton-Kontrast ist einer von&nbsp;<a href=\"http:\/\/de.wikipedia.org\/wiki\/Sieben_Farbkontraste\" target=\"_blank\" rel=\"noreferrer noopener\">sieben Farbkontrasten<\/a>&nbsp;aus der&nbsp;Farblehre von Johannes Itten. Wie sie mit den sieben Farbkontrasten umgehen, ist stilbildend f\u00fcr ihre Fotografie. Die erste Entscheidung ist dabei immer, ob sie einen bestimmten Farbkontrast &#8211; z. B. den Farbton-Kontrast &#8211; m\u00f6gen und einsetzen. Die weiteren&nbsp;Entscheidungen betreffen dann die Art und Weise, wie sie mit dem ins Auge gefassten Farbkontrast umgehen.<\/p>\n\n\n\n<p>Bei einem Farbton-Kontrast entsteht der Kontrast durch verschiedene Farben wie Rot, Gr\u00fcn, Blau, Gelb, etc., die den Kontrast aufbauen.&nbsp;Ein Kontrast aus sehr hellem und sehr dunklem Gelb ist kein Farbton-Kontrast, da helles und dunkles Gelb zwei verschiedene Farbhelligkeiten&nbsp;des gleichen Farbtons oder zwei verschiedene Qualit\u00e4ten &#8211; z. B.&nbsp;<em>leuchtendes<\/em>&nbsp;oder&nbsp;<em>tr\u00fcbes<\/em>&nbsp;Gelb &#8211; der&nbsp;Farbe Gelb sind. Ein Farb-Kontast aus hellem und dunklem Gelb&nbsp;k\u00f6nnte ein Hell-Dunkel-Kontrast sein, wenn es sich bei dem Gelb um den gleichen Farbton handelt, oder ein Qualit\u00e4ts-Kontrast wenn es sich um ein leuchtend-helles und ein tr\u00fcbes und dunkles Gelb handelt.<\/p>\n\n\n\n<p><strong>Tips und Tricks:<\/strong>&nbsp;Sie beginnen am besten mit&nbsp;Aufnahmen mit wenigen, vorherrschenden Farben, die vorherrschen, in dem sie gro\u00dfe Teile des Bildes einnehmen. Am besten beginnen&nbsp;sie mit Farben die starke Kontraste haben und experimentieren dann, wie viele Farben und welche Farbton-Kontrast ihre Fotografie und ihr Stil vertr\u00e4gt.<\/p>\n\n\n\n<p><strong>Buchtip:<\/strong><a href=\"http:\/\/ateliersimdelta.de\/z42\/?p=360\"> <\/a><a href=\"http:\/\/ateliersimdelta.de\/z42\/?p=360\">Ernst A. Weber, Sehen &#8211; Gestalten und Fotografieren<\/a><\/p>\n\n\n\n<p>Bei Wikipedia findet man folgende interessante Artikel:&nbsp;<a rel=\"noreferrer noopener\" href=\"http:\/\/de.wikipedia.org\/wiki\/Farbenlehre\" target=\"_blank\">Farbenlehre<\/a>,&nbsp;<a rel=\"noreferrer noopener\" href=\"http:\/\/de.wikipedia.org\/wiki\/Farbtypenlehre\" target=\"_blank\">Farbtypenlehre<\/a>,&nbsp;<a rel=\"noreferrer noopener\" href=\"http:\/\/de.wikipedia.org\/wiki\/Sieben_Farbkontraste\" target=\"_blank\">sieben Farbkontraste<\/a>.<\/p>\n","protected":false},"excerpt":{"rendered":"<p>Machen Sie Aufnahmen, die als Stilmittel&nbsp;Farbton-Kontraste verwenden, und experimentieren Sie so lange bis sie ein eigenes Gef\u00fchl f\u00fcr solche Kontraste entdecken.<\/p>\n","protected":false},"author":2,"featured_media":0,"comment_status":"closed","ping_status":"open","sticky":false,"template":"","format":"standard","meta":{"footnotes":""},"categories":[16],"tags":[21],"class_list":["post-357","post","type-post","status-publish","format-standard","hentry","category-uebungen","tag-arbeite-an-deiner-art-zu-fotografieren"],"_links":{"self":[{"href":"https:\/\/www.ateliersimdelta.de\/z42\/wp-json\/wp\/v2\/posts\/357","targetHints":{"allow":["GET"]}}],"collection":[{"href":"https:\/\/www.ateliersimdelta.de\/z42\/wp-json\/wp\/v2\/posts"}],"about":[{"href":"https:\/\/www.ateliersimdelta.de\/z42\/wp-json\/wp\/v2\/types\/post"}],"author":[{"embeddable":true,"href":"https:\/\/www.ateliersimdelta.de\/z42\/wp-json\/wp\/v2\/users\/2"}],"replies":[{"embeddable":true,"href":"https:\/\/www.ateliersimdelta.de\/z42\/wp-json\/wp\/v2\/comments?post=357"}],"version-history":[{"count":3,"href":"https:\/\/www.ateliersimdelta.de\/z42\/wp-json\/wp\/v2\/posts\/357\/revisions"}],"predecessor-version":[{"id":973,"href":"https:\/\/www.ateliersimdelta.de\/z42\/wp-json\/wp\/v2\/posts\/357\/revisions\/973"}],"wp:attachment":[{"href":"https:\/\/www.ateliersimdelta.de\/z42\/wp-json\/wp\/v2\/media?parent=357"}],"wp:term":[{"taxonomy":"category","embeddable":true,"href":"https:\/\/www.ateliersimdelta.de\/z42\/wp-json\/wp\/v2\/categories?post=357"},{"taxonomy":"post_tag","embeddable":true,"href":"https:\/\/www.ateliersimdelta.de\/z42\/wp-json\/wp\/v2\/tags?post=357"}],"curies":[{"name":"wp","href":"https:\/\/api.w.org\/{rel}","templated":true}]}}